{"id":2278,"date":"2025-11-30T19:30:00","date_gmt":"2025-11-30T19:30:00","guid":{"rendered":"https:\/\/tbartet.mkmp1.com.es\/tbartetwp\/?p=2278"},"modified":"2025-12-07T23:18:27","modified_gmt":"2025-12-07T23:18:27","slug":"diseno-de-cejas-guia-rostro","status":"publish","type":"post","link":"https:\/\/tbartet.mkmp1.com.es\/tbartetwp\/diseno-de-cejas-guia-rostro\/","title":{"rendered":"Dise\u00f1o de cejas seg\u00fan tu rostro: Gu\u00eda definitiva 2025"},"content":{"rendered":"\t\t<div data-elementor-type=\"wp-post\" data-elementor-id=\"2278\" class=\"elementor elementor-2278\">\n\t\t\t\t<div class=\"elementor-element elementor-element-47a9c8de e-flex e-con-boxed e-con e-parent\" data-id=\"47a9c8de\" data-element_type=\"container\">\n\t\t\t\t\t<div class=\"e-con-inner\">\n\t\t\t\t<div class=\"elementor-element elementor-element-2b68141 elementor-widget elementor-widget-heading\" data-id=\"2b68141\" data-element_type=\"widget\" data-widget_type=\"heading.default\">\n\t\t\t\t<div class=\"elementor-widget-container\">\n\t\t\t\t\t<h1 class=\"elementor-heading-title elementor-size-default\"><span class=\"ez-toc-section\" id=\"Diseno_de_cejas_La_guia_definitiva_para_una_mirada_natural_y_rejuvenecida\"><\/span>Dise\u00f1o de cejas: \nLa gu\u00eda definitiva para una mirada natural y rejuvenecida<span class=\"ez-toc-section-end\"><\/span><\/h1>\t\t\t\t<\/div>\n\t\t\t\t<\/div>\n\t\t\t\t<div class=\"elementor-element elementor-element-3287a32 elementor-widget elementor-widget-text-editor\" data-id=\"3287a32\" data-element_type=\"widget\" data-widget_type=\"text-editor.default\">\n\t\t\t\t<div class=\"elementor-widget-container\">\n\t\t\t\t\t\t\t\t\t<p data-path-to-node=\"10\">Seguramente has escuchado mil veces que \u00ablas cejas son el marco del rostro\u00bb, y es una verdad absoluta. Puedes llevar la mejor <span style=\"text-decoration: underline;\"><a class=\"ng-star-inserted\" href=\"https:\/\/tbartet.mkmp1.com.es\/tbartetwp\/mascara-de-pestanas-waterproof\/\" target=\"_blank\" rel=\"noopener\" data-hveid=\"0\" data-ved=\"0CAAQ_4QMahgKEwit9PXylqmRAxUAAAAAHQAAAAAQ_CI\">m\u00e1scara de pesta\u00f1as waterproof<\/a><\/span> para abrir tu ojo, pero si tus cejas no tienen armon\u00eda, tu mirada perder\u00e1 fuerza y expresividad.<\/p><p data-path-to-node=\"11\">El <b>dise\u00f1o de cejas<\/b> ha evolucionado much\u00edsimo. Hemos pasado de las l\u00edneas finas de los 90 a las cejas \u00abInstagram\u00bb s\u00faper marcadas de 2016. En 2025, la tendencia es clara: <b>naturalidad, frescura y un sutil efecto <i>lifting<\/i><\/b>.<\/p><p data-path-to-node=\"12\">En este art\u00edculo, aprender\u00e1s a encontrar la forma ideal para ti sin perder tu esencia.<\/p>\t\t\t\t\t\t\t\t<\/div>\n\t\t\t\t<\/div>\n\t\t\t\t<div class=\"elementor-element elementor-element-3fc9586 elementor-widget elementor-widget-heading\" data-id=\"3fc9586\" data-element_type=\"widget\" data-widget_type=\"heading.default\">\n\t\t\t\t<div class=\"elementor-widget-container\">\n\t\t\t\t\t<h2 class=\"elementor-heading-title elementor-size-default\"><span class=\"ez-toc-section\" id=\"%C2%BFQue_es_el_visagismo_de_cejas_y_por_que_lo_necesitas\"><\/span>\u00bfQu\u00e9 es el visagismo de cejas y por qu\u00e9 lo necesitas?<span class=\"ez-toc-section-end\"><\/span><\/h2>\t\t\t\t<\/div>\n\t\t\t\t<\/div>\n\t\t\t\t<div class=\"elementor-element elementor-element-24b62a0 elementor-widget elementor-widget-text-editor\" data-id=\"24b62a0\" data-element_type=\"widget\" data-widget_type=\"text-editor.default\">\n\t\t\t\t<div class=\"elementor-widget-container\">\n\t\t\t\t\t\t\t\t\t<p data-path-to-node=\"10\">El <strong><span style=\"text-decoration: underline;\"><a class=\"ng-star-inserted\" href=\"https:\/\/www.druni.es\/blog\/diseno-cejas-visagismo\/?srsltid=AfmBOooTW4YQC6l184cctBjPJum_VQEPQfAKMiFltDenj8UaLa-n8GhH\" target=\"_blank\" rel=\"noopener\" data-hveid=\"0\" data-ved=\"0CAAQ_4QMahgKEwit9PXylqmRAxUAAAAAHQAAAAAQ_SI\">visagismo<\/a><\/span><\/strong> no es m\u00e1s que el estudio de las proporciones del rostro. Un buen dise\u00f1o no se trata de copiar a una celebridad, sino de respetar tu estructura \u00f3sea \u00fanica para potenciar tu belleza.<\/p><p data-path-to-node=\"15\">Para hacerlo en casa, solo necesitas un l\u00e1piz y un espejo. Sigue esta <b>\u00abRegla de los 3 Puntos\u00bb<\/b> para mapear tu ceja ideal:<\/p><ol start=\"1\" data-path-to-node=\"16\"><li><p data-path-to-node=\"16,0,0\"><b>El Inicio:<\/b> Coloca el l\u00e1piz verticalmente apoyado en la aleta de tu nariz. Ah\u00ed debe empezar tu ceja de forma natural.<\/p><\/li><li><p data-path-to-node=\"16,1,0\"><b>El Arco (Punto alto):<\/b> Inclina el l\u00e1piz desde la aleta de la nariz pasando justo por el centro de tu pupila (mirando al frente). Ese es el punto de m\u00e1xima altura y expresividad.<\/p><\/li><li><p data-path-to-node=\"16,2,0\"><b>El Final:<\/b> Lleva el l\u00e1piz desde la aleta de la nariz hasta el rabillo externo del ojo. Ah\u00ed debe terminar.<\/p><\/li><\/ol><blockquote data-path-to-node=\"17\"><p data-path-to-node=\"17,0\"><b>Tip de Experta:<\/b> Si dejas la cola de la ceja muy corta, tu ojo se ver\u00e1 m\u00e1s peque\u00f1o. Si la bajas demasiado, la mirada parecer\u00e1 triste o ca\u00edda.<\/p><\/blockquote>\t\t\t\t\t\t\t\t<\/div>\n\t\t\t\t<\/div>\n\t\t\t\t<div class=\"elementor-element elementor-element-39524f5 elementor-widget elementor-widget-image\" data-id=\"39524f5\" data-element_type=\"widget\" data-widget_type=\"image.default\">\n\t\t\t\t<div class=\"elementor-widget-container\">\n\t\t\t\t\t\t\t\t\t\t\t\t\t\t\t<img fetchpriority=\"high\" decoding=\"async\" width=\"736\" height=\"773\" src=\"https:\/\/tbartet.mkmp1.com.es\/tbartetwp\/wp-content\/uploads\/2025\/11\/DISENO-DE-CEJAS\ud83e\udd0d-e1765068489142.jpeg\" class=\"attachment-large size-large wp-image-3038\" alt=\"Esquema de visagismo regla 3 puntos para dise\u00f1o de cejas paso a paso\" srcset=\"https:\/\/tbartet.mkmp1.com.es\/tbartetwp\/wp-content\/uploads\/2025\/11\/DISENO-DE-CEJAS\ud83e\udd0d-e1765068489142.jpeg 736w, https:\/\/tbartet.mkmp1.com.es\/tbartetwp\/wp-content\/uploads\/2025\/11\/DISENO-DE-CEJAS\ud83e\udd0d-e1765068489142-600x630.jpeg 600w, https:\/\/tbartet.mkmp1.com.es\/tbartetwp\/wp-content\/uploads\/2025\/11\/DISENO-DE-CEJAS\ud83e\udd0d-e1765068489142-286x300.jpeg 286w\" sizes=\"(max-width: 736px) 100vw, 736px\" title=\"Dise\u00f1o de cejas seg\u00fan tu rostro: Gu\u00eda definitiva 2025\">\t\t\t\t\t\t\t\t\t\t\t\t\t\t\t<\/div>\n\t\t\t\t<\/div>\n\t\t\t\t<div class=\"elementor-element elementor-element-98e10b4 elementor-widget-divider--separator-type-pattern elementor-widget-divider--view-line elementor-widget elementor-widget-divider\" data-id=\"98e10b4\" data-element_type=\"widget\" data-widget_type=\"divider.default\">\n\t\t\t\t<div class=\"elementor-widget-container\">\n\t\t\t\t\t\t\t<div class=\"elementor-divider\" style=\"--divider-pattern-url: url(&quot;data:image\/svg+xml,%3Csvg xmlns=&#039;http:\/\/www.w3.org\/2000\/svg&#039; preserveAspectRatio=&#039;none&#039; overflow=&#039;visible&#039; height=&#039;100%&#039; viewBox=&#039;0 0 24 24&#039; fill=&#039;none&#039; stroke=&#039;black&#039; stroke-width=&#039;1&#039; stroke-linecap=&#039;square&#039; stroke-miterlimit=&#039;10&#039;%3E%3Cpath d=&#039;M0,6c6,0,6,13,12,13S18,6,24,6&#039;\/%3E%3C\/svg%3E&quot;);\">\n\t\t\t<span class=\"elementor-divider-separator\">\n\t\t\t\t\t\t<\/span>\n\t\t<\/div>\n\t\t\t\t\t\t<\/div>\n\t\t\t\t<\/div>\n\t\t\t\t<div class=\"elementor-element elementor-element-17431e3 elementor-widget elementor-widget-heading\" data-id=\"17431e3\" data-element_type=\"widget\" data-widget_type=\"heading.default\">\n\t\t\t\t<div class=\"elementor-widget-container\">\n\t\t\t\t\t<h2 class=\"elementor-heading-title elementor-size-default\"><span class=\"ez-toc-section\" id=\"El_diseno_de_cejas_perfecto_segun_tu_rostro\"><\/span>El dise\u00f1o de cejas perfecto seg\u00fan tu rostro<span class=\"ez-toc-section-end\"><\/span><\/h2>\t\t\t\t<\/div>\n\t\t\t\t<\/div>\n\t\t<div class=\"elementor-element elementor-element-89c6500 e-con-full e-flex e-con e-child\" data-id=\"89c6500\" data-element_type=\"container\">\n\t\t<div class=\"elementor-element elementor-element-5decca0 e-con-full e-flex e-con e-child\" data-id=\"5decca0\" data-element_type=\"container\">\n\t\t\t\t<div class=\"elementor-element elementor-element-1451c0a elementor-widget elementor-widget-text-editor\" data-id=\"1451c0a\" data-element_type=\"widget\" data-widget_type=\"text-editor.default\">\n\t\t\t\t<div class=\"elementor-widget-container\">\n\t\t\t\t\t\t\t\t\t<p data-path-to-node=\"20\">No todas las formas favorecen a todas las caras. Aqu\u00ed te explicamos c\u00f3mo adaptar el <b>dise\u00f1o de cejas<\/b> para equilibrar tus facciones:<\/p>\n<h3 data-path-to-node=\"21\"><span class=\"ez-toc-section\" id=\"1_Rostro_Redondo\"><\/span>1. Rostro Redondo<span class=\"ez-toc-section-end\"><\/span><\/h3>\n<p data-path-to-node=\"22\">Tu objetivo es alargar visualmente la cara.<\/p>\n<ul data-path-to-node=\"23\">\n<li>\n<p data-path-to-node=\"23,0,0\"><b>Lo ideal:<\/b> Unas cejas con un arco marcado y angular. Evita las formas redondeadas, ya que acentuar\u00e1n la redondez de tu rostro.<\/p>\n<\/li>\n<li>\n<p data-path-to-node=\"23,1,0\"><b>El efecto:<\/b> A\u00f1ade definici\u00f3n y estructura vertical.<\/p>\n<\/li>\n<\/ul>\n<h3 data-path-to-node=\"24\"><span class=\"ez-toc-section\" id=\"2_Rostro_Cuadrado\"><\/span>2. Rostro Cuadrado<span class=\"ez-toc-section-end\"><\/span><\/h3>\n<p data-path-to-node=\"25\">Aqu\u00ed buscamos suavizar la mand\u00edbula marcada.<\/p>\n<ul data-path-to-node=\"26\">\n<li>\n<p data-path-to-node=\"26,0,0\"><b>Lo ideal:<\/b> Cejas suavemente redondeadas o con un arco muy sutil.<\/p>\n<\/li>\n<li>\n<p data-path-to-node=\"26,1,0\"><b>El efecto:<\/b> Dulcifica la expresi\u00f3n y resta dureza a los rasgos angulosos.<\/p>\n<\/li>\n<\/ul>\n<h3 data-path-to-node=\"27\"><span class=\"ez-toc-section\" id=\"3_Rostro_Alargado_u_Ovalado\"><\/span>3. Rostro Alargado u Ovalado<span class=\"ez-toc-section-end\"><\/span><\/h3>\n<p data-path-to-node=\"28\">El objetivo es \u00abacortar\u00bb visualmente el rostro para dar equilibrio.<\/p>\n<ul data-path-to-node=\"29\">\n<li>\n<p data-path-to-node=\"29,0,0\"><b>Lo ideal:<\/b> Cejas m\u00e1s rectas y horizontales, sin un arco excesivamente pronunciado.<\/p>\n<\/li>\n<li>\n<p data-path-to-node=\"29,1,0\"><b>El efecto:<\/b> \u00abRompe\u00bb la verticalidad de la cara y centra la atenci\u00f3n en los ojos.<\/p>\n<\/li>\n<\/ul>\n<h3 data-path-to-node=\"30\"><span class=\"ez-toc-section\" id=\"4_Rostro_Corazon\"><\/span>4. Rostro Coraz\u00f3n<span class=\"ez-toc-section-end\"><\/span><\/h3>\n<p data-path-to-node=\"31\">Frente amplia y barbilla estrecha.<\/p>\n<ul data-path-to-node=\"32\">\n<li>\n<p data-path-to-node=\"32,0,0\"><b>Lo ideal:<\/b> Unas cejas suavemente curvadas, ni muy finas ni muy gruesas.<\/p>\n<\/li>\n<li>\n<p data-path-to-node=\"32,1,0\"><b>El efecto:<\/b> Desv\u00eda la atenci\u00f3n de la frente y suaviza la barbilla.<\/p>\n<\/li>\n<\/ul>\t\t\t\t\t\t\t\t<\/div>\n\t\t\t\t<\/div>\n\t\t\t\t<\/div>\n\t\t<div class=\"elementor-element elementor-element-6efbe7b e-con-full e-flex e-con e-child\" data-id=\"6efbe7b\" data-element_type=\"container\">\n\t\t\t\t<div class=\"elementor-element elementor-element-0230ee0 elementor-widget elementor-widget-image\" data-id=\"0230ee0\" data-element_type=\"widget\" data-widget_type=\"image.default\">\n\t\t\t\t<div class=\"elementor-widget-container\">\n\t\t\t\t\t\t\t\t\t\t\t\t\t\t\t<img decoding=\"async\" width=\"756\" height=\"1024\" src=\"https:\/\/tbartet.mkmp1.com.es\/tbartetwp\/wp-content\/uploads\/2025\/11\/FORMAS-DE-CEJAS-SEGUN-TU-ROSTRO-756x1024.png\" class=\"attachment-large size-large wp-image-3051\" alt=\"Dise\u00f1o de cejas\" srcset=\"https:\/\/tbartet.mkmp1.com.es\/tbartetwp\/wp-content\/uploads\/2025\/11\/FORMAS-DE-CEJAS-SEGUN-TU-ROSTRO-756x1024.png 756w, https:\/\/tbartet.mkmp1.com.es\/tbartetwp\/wp-content\/uploads\/2025\/11\/FORMAS-DE-CEJAS-SEGUN-TU-ROSTRO-600x813.png 600w, https:\/\/tbartet.mkmp1.com.es\/tbartetwp\/wp-content\/uploads\/2025\/11\/FORMAS-DE-CEJAS-SEGUN-TU-ROSTRO-222x300.png 222w, https:\/\/tbartet.mkmp1.com.es\/tbartetwp\/wp-content\/uploads\/2025\/11\/FORMAS-DE-CEJAS-SEGUN-TU-ROSTRO-768x1040.png 768w, https:\/\/tbartet.mkmp1.com.es\/tbartetwp\/wp-content\/uploads\/2025\/11\/FORMAS-DE-CEJAS-SEGUN-TU-ROSTRO.png 943w\" sizes=\"(max-width: 756px) 100vw, 756px\" title=\"Dise\u00f1o de cejas seg\u00fan tu rostro: Gu\u00eda definitiva 2025\">\t\t\t\t\t\t\t\t\t\t\t\t\t\t\t<\/div>\n\t\t\t\t<\/div>\n\t\t\t\t<\/div>\n\t\t\t\t<\/div>\n\t\t\t\t\t<\/div>\n\t\t\t\t<\/div>\n\t\t<div class=\"elementor-element elementor-element-21a9bc5 e-flex e-con-boxed e-con e-parent\" data-id=\"21a9bc5\" data-element_type=\"container\">\n\t\t\t\t\t<div class=\"e-con-inner\">\n\t\t\t\t<div class=\"elementor-element elementor-element-7e020be elementor-widget-divider--separator-type-pattern elementor-widget-divider--view-line elementor-widget elementor-widget-divider\" data-id=\"7e020be\" data-element_type=\"widget\" data-widget_type=\"divider.default\">\n\t\t\t\t<div class=\"elementor-widget-container\">\n\t\t\t\t\t\t\t<div class=\"elementor-divider\" style=\"--divider-pattern-url: url(&quot;data:image\/svg+xml,%3Csvg xmlns=&#039;http:\/\/www.w3.org\/2000\/svg&#039; preserveAspectRatio=&#039;none&#039; overflow=&#039;visible&#039; height=&#039;100%&#039; viewBox=&#039;0 0 24 24&#039; fill=&#039;none&#039; stroke=&#039;black&#039; stroke-width=&#039;1&#039; stroke-linecap=&#039;square&#039; stroke-miterlimit=&#039;10&#039;%3E%3Cpath d=&#039;M0,6c6,0,6,13,12,13S18,6,24,6&#039;\/%3E%3C\/svg%3E&quot;);\">\n\t\t\t<span class=\"elementor-divider-separator\">\n\t\t\t\t\t\t<\/span>\n\t\t<\/div>\n\t\t\t\t\t\t<\/div>\n\t\t\t\t<\/div>\n\t\t\t\t<div class=\"elementor-element elementor-element-9f7b328 elementor-widget elementor-widget-heading\" data-id=\"9f7b328\" data-element_type=\"widget\" data-widget_type=\"heading.default\">\n\t\t\t\t<div class=\"elementor-widget-container\">\n\t\t\t\t\t<h2 class=\"elementor-heading-title elementor-size-default\"><span class=\"ez-toc-section\" id=\"3_Errores_comunes_que_suman_anos_a_tu_mirada\"><\/span>3 Errores comunes que suman a\u00f1os a tu mirada<span class=\"ez-toc-section-end\"><\/span><\/h2>\t\t\t\t<\/div>\n\t\t\t\t<\/div>\n\t\t\t\t<div class=\"elementor-element elementor-element-bf4f062 elementor-widget elementor-widget-text-editor\" data-id=\"bf4f062\" data-element_type=\"widget\" data-widget_type=\"text-editor.default\">\n\t\t\t\t<div class=\"elementor-widget-container\">\n\t\t\t\t\t\t\t\t\t<p data-path-to-node=\"35\">A veces, con la intenci\u00f3n de arreglarnos, cometemos fallos que nos hacen parecer mayores o cansadas.<\/p><p data-path-to-node=\"35\">Evita esto en tu rutina de maquillaje:<\/p><ol start=\"1\" data-path-to-node=\"36\"><li><p data-path-to-node=\"36,0,0\"><b>Usar un color demasiado oscuro:<\/b> Si eres casta\u00f1a y usas un l\u00e1piz negro, endurecer\u00e1s tus facciones. Elige siempre un tono m\u00e1s claro que tu cabello (o del mismo tono si eres morena).<\/p><\/li><li><p data-path-to-node=\"36,1,0\"><b>El \u00abEfecto Bloque\u00bb:<\/b> Pintar el inicio de la ceja muy cuadrado y saturado es el error n\u00famero uno. El maquillaje moderno exige un degradado: m\u00e1s suave al inicio y m\u00e1s definido en la cola.<\/p><\/li><li><p data-path-to-node=\"36,2,0\"><b>Olvidar el cuidado de la piel:<\/b> La zona del entrecejo y el p\u00e1rpado tambi\u00e9n sufren deshidrataci\u00f3n. Una piel seca hace que el maquillaje se cuartee. Recuerda preparar la zona con nuestros <span style=\"text-decoration: underline;\"><b><a class=\"ng-star-inserted\" href=\"https:\/\/tbartet.mkmp1.com.es\/tbartetwp\/parches-de-ojos-de-cafe-aglami\/\" target=\"_blank\" rel=\"noopener\" data-hveid=\"0\" data-ved=\"0CAAQ_4QMahgKEwit9PXylqmRAxUAAAAAHQAAAAAQ_iI\">parches de ojos con cafe\u00edna<\/a><\/b><\/span> para descongestionar y alisar la piel antes de maquillarte.<\/p><\/li><\/ol>\t\t\t\t\t\t\t\t<\/div>\n\t\t\t\t<\/div>\n\t\t\t\t<div class=\"elementor-element elementor-element-7c3c628 elementor-widget elementor-widget-text-editor\" data-id=\"7c3c628\" data-element_type=\"widget\" data-widget_type=\"text-editor.default\">\n\t\t\t\t<div class=\"elementor-widget-container\">\n\t\t\t\t\t\t\t\t\t<h3 data-path-to-node=\"37\"><span class=\"ez-toc-section\" id=\"Herramientas_basicas_para_mantener_tus_cejas_en_casa\"><\/span>Herramientas b\u00e1sicas para mantener tus cejas en casa<span class=\"ez-toc-section-end\"><\/span><\/h3>\n<p data-path-to-node=\"38\">No necesitas un arsenal, pero s\u00ed los b\u00e1sicos correctos para mantener el dise\u00f1o:<\/p>\n<ul data-path-to-node=\"39\">\n<li>\n<p data-path-to-node=\"39,0,0\"><b>Goupillon (Cepillo):<\/b> Para peinar los pelitos hacia arriba y ver la forma real.<\/p>\n<\/li>\n<li>\n<p data-path-to-node=\"39,1,0\"><b>Pinzas de precisi\u00f3n:<\/b> Para retirar solo lo que sobra (\u00a1cuidado con pasarse!).<\/p>\n<\/li>\n<li>\n<p data-path-to-node=\"39,2,0\"><b>Gel fijador:<\/b> Fundamental para mantener el dise\u00f1o todo el d\u00eda.<\/p>\n<\/li>\n<\/ul>\t\t\t\t\t\t\t\t<\/div>\n\t\t\t\t<\/div>\n\t\t\t\t<div class=\"elementor-element elementor-element-e6df360 elementor-widget elementor-widget-heading\" data-id=\"e6df360\" data-element_type=\"widget\" data-widget_type=\"heading.default\">\n\t\t\t\t<div class=\"elementor-widget-container\">\n\t\t\t\t\t<h2 class=\"elementor-heading-title elementor-size-default\"><span class=\"ez-toc-section\" id=\"Conclusion_Busca_armonia_no_simetria\"><\/span>Conclusi\u00f3n: Busca armon\u00eda, no simetr\u00eda<span class=\"ez-toc-section-end\"><\/span><\/h2>\t\t\t\t<\/div>\n\t\t\t\t<\/div>\n\t\t\t\t<div class=\"elementor-element elementor-element-f1b1c27 elementor-widget elementor-widget-text-editor\" data-id=\"f1b1c27\" data-element_type=\"widget\" data-widget_type=\"text-editor.default\">\n\t\t\t\t<div class=\"elementor-widget-container\">\n\t\t\t\t\t\t\t\t\t<p data-path-to-node=\"41\">Recuerda siempre esta frase: <b>\u00abTus cejas son hermanas, no gemelas\u00bb<\/b>.<\/p><p data-path-to-node=\"41\">No te obsesiones con que sean id\u00e9nticas, porque tu rostro tampoco lo es. Un buen <b>dise\u00f1o de cejas<\/b> es aquel que te hace sentir segura y resalta la belleza natural de tus ojos.<\/p><p data-path-to-node=\"42\">\u00bfTe apasiona el mundo de la mirada? Descubre c\u00f3mo ha evolucionado este arte a lo largo de los siglos en nuestro art\u00edculo sobre la <span style=\"text-decoration: underline;\"><b><a class=\"ng-star-inserted\" href=\"https:\/\/tbartet.mkmp1.com.es\/tbartetwp\/historia-del-maquillaje-de-ojos\/\" target=\"_blank\" rel=\"noopener\" data-hveid=\"0\" data-ved=\"0CAAQ_4QMahgKEwit9PXylqmRAxUAAAAAHQAAAAAQ_yI\">historia del maquillaje de ojos<\/a><\/b>.<\/span><\/p><p data-path-to-node=\"43\">\u00bfTienes dudas sobre qu\u00e9 forma te favorece m\u00e1s? \u00a1D\u00e9janos un comentario abajo y te ayudamos!<\/p>\t\t\t\t\t\t\t\t<\/div>\n\t\t\t\t<\/div>\n\t\t\t\t\t<\/div>\n\t\t\t\t<\/div>\n\t\t\t\t<\/div>\n\t\t","protected":false},"excerpt":{"rendered":"<p>Dise\u00f1o de cejas: La gu\u00eda definitiva para una mirada natural y rejuvenecida Seguramente has escuchado mil veces que \u00ablas cejas [&hellip;]<\/p>\n","protected":false},"author":1,"featured_media":3068,"comment_status":"closed","ping_status":"closed","sticky":false,"template":"","format":"standard","meta":{"_eb_attr":"","om_disable_all_campaigns":false,"site-sidebar-layout":"default","site-content-layout":"","ast-site-content-layout":"default","site-content-style":"default","site-sidebar-style":"default","ast-global-header-display":"","ast-banner-title-visibility":"","ast-main-header-display":"","ast-hfb-above-header-display":"","ast-hfb-below-header-display":"","ast-hfb-mobile-header-display":"","site-post-title":"","ast-breadcrumbs-content":"","ast-featured-img":"","footer-sml-layout":"","theme-transparent-header-meta":"","adv-header-id-meta":"","stick-header-meta":"","header-above-stick-meta":"","header-main-stick-meta":"","header-below-stick-meta":"","astra-migrate-meta-layouts":"set","ast-page-background-enabled":"default","ast-page-background-meta":{"desktop":{"background-color":"var(--ast-global-color-4)","background-image":"","background-repeat":"repeat","background-position":"center center","background-size":"auto","background-attachment":"scroll","background-type":"","background-media":"","overlay-type":"","overlay-color":"","overlay-opacity":"","overlay-gradient":""},"tablet":{"background-color":"","background-image":"","background-repeat":"repeat","background-position":"center center","background-size":"auto","background-attachment":"scroll","background-type":"","background-media":"","overlay-type":"","overlay-color":"","overlay-opacity":"","overlay-gradient":""},"mobile":{"background-color":"","background-image":"","background-repeat":"repeat","background-position":"center center","background-size":"auto","background-attachment":"scroll","background-type":"","background-media":"","overlay-type":"","overlay-color":"","overlay-opacity":"","overlay-gradient":""}},"ast-content-background-meta":{"desktop":{"background-color":"var(--ast-global-color-5)","background-image":"","background-repeat":"repeat","background-position":"center center","background-size":"auto","background-attachment":"scroll","background-type":"","background-media":"","overlay-type":"","overlay-color":"","overlay-opacity":"","overlay-gradient":""},"tablet":{"background-color":"var(--ast-global-color-5)","background-image":"","background-repeat":"repeat","background-position":"center center","background-size":"auto","background-attachment":"scroll","background-type":"","background-media":"","overlay-type":"","overlay-color":"","overlay-opacity":"","overlay-gradient":""},"mobile":{"background-color":"var(--ast-global-color-5)","background-image":"","background-repeat":"repeat","background-position":"center center","background-size":"auto","background-attachment":"scroll","background-type":"","background-media":"","overlay-type":"","overlay-color":"","overlay-opacity":"","overlay-gradient":""}},"_jetpack_memberships_contains_paid_content":false,"footnotes":""},"categories":[12,21,53,54],"tags":[55,17,58,57,56],"class_list":["post-2278","post","type-post","status-publish","format-standard","has-post-thumbnail","hentry","category-cosmetica-de-ojos","category-aglami","category-cultura-y-tendencias","category-tips","tag-diseno-de-cejas","tag-maquillaje-de-ojos","tag-tipos-de-rostro","tag-tips","tag-visagismo"],"jetpack_featured_media_url":"https:\/\/tbartet.mkmp1.com.es\/tbartetwp\/wp-content\/uploads\/2025\/11\/Encabezado-Diseno-de-cejas.png","jetpack_sharing_enabled":true,"_links":{"self":[{"href":"https:\/\/tbartet.mkmp1.com.es\/tbartetwp\/wp-json\/wp\/v2\/posts\/2278","targetHints":{"allow":["GET"]}}],"collection":[{"href":"https:\/\/tbartet.mkmp1.com.es\/tbartetwp\/wp-json\/wp\/v2\/posts"}],"about":[{"href":"https:\/\/tbartet.mkmp1.com.es\/tbartetwp\/wp-json\/wp\/v2\/types\/post"}],"author":[{"embeddable":true,"href":"https:\/\/tbartet.mkmp1.com.es\/tbartetwp\/wp-json\/wp\/v2\/users\/1"}],"replies":[{"embeddable":true,"href":"https:\/\/tbartet.mkmp1.com.es\/tbartetwp\/wp-json\/wp\/v2\/comments?post=2278"}],"version-history":[{"count":40,"href":"https:\/\/tbartet.mkmp1.com.es\/tbartetwp\/wp-json\/wp\/v2\/posts\/2278\/revisions"}],"predecessor-version":[{"id":3093,"href":"https:\/\/tbartet.mkmp1.com.es\/tbartetwp\/wp-json\/wp\/v2\/posts\/2278\/revisions\/3093"}],"wp:featuredmedia":[{"embeddable":true,"href":"https:\/\/tbartet.mkmp1.com.es\/tbartetwp\/wp-json\/wp\/v2\/media\/3068"}],"wp:attachment":[{"href":"https:\/\/tbartet.mkmp1.com.es\/tbartetwp\/wp-json\/wp\/v2\/media?parent=2278"}],"wp:term":[{"taxonomy":"category","embeddable":true,"href":"https:\/\/tbartet.mkmp1.com.es\/tbartetwp\/wp-json\/wp\/v2\/categories?post=2278"},{"taxonomy":"post_tag","embeddable":true,"href":"https:\/\/tbartet.mkmp1.com.es\/tbartetwp\/wp-json\/wp\/v2\/tags?post=2278"}],"curies":[{"name":"wp","href":"https:\/\/api.w.org\/{rel}","templated":true}]}}