{"id":1618,"date":"2025-11-20T13:11:32","date_gmt":"2025-11-20T13:11:32","guid":{"rendered":"https:\/\/tbartet.mkmp1.com.es\/tbartetwp\/?p=1618"},"modified":"2025-12-07T22:51:34","modified_gmt":"2025-12-07T22:51:34","slug":"parches-de-ojos-de-cafe-aglami","status":"publish","type":"post","link":"https:\/\/tbartet.mkmp1.com.es\/tbartetwp\/parches-de-ojos-de-cafe-aglami\/","title":{"rendered":"Despierta y Brilla \u2013 Break Caf\u00e9 x Aglami: Parches de Ojos con Cafe\u00edna para Bolsas y Ojeras"},"content":{"rendered":"\t\t<div data-elementor-type=\"wp-post\" data-elementor-id=\"1618\" class=\"elementor elementor-1618\">\n\t\t\t\t<div class=\"elementor-element elementor-element-1cb5d14a e-flex e-con-boxed e-con e-parent\" data-id=\"1cb5d14a\" data-element_type=\"container\">\n\t\t\t\t\t<div class=\"e-con-inner\">\n\t\t\t\t<div class=\"elementor-element elementor-element-3c35415 elementor-widget elementor-widget-heading\" data-id=\"3c35415\" data-element_type=\"widget\" data-widget_type=\"heading.default\">\n\t\t\t\t<div class=\"elementor-widget-container\">\n\t\t\t\t\t<h1 class=\"elementor-heading-title elementor-size-default\"><span class=\"ez-toc-section\" id=\"El_poder_de_la_mirada_descubre_los_parches_de_ojos_de_cafe\"><\/span>El poder de la mirada: <br>descubre los parches de ojos de caf\u00e9<span class=\"ez-toc-section-end\"><\/span><\/h1>\t\t\t\t<\/div>\n\t\t\t\t<\/div>\n\t\t\t\t<div class=\"elementor-element elementor-element-bc0ceb6 elementor-widget elementor-widget-text-editor\" data-id=\"bc0ceb6\" data-element_type=\"widget\" data-widget_type=\"text-editor.default\">\n\t\t\t\t<div class=\"elementor-widget-container\">\n\t\t\t\t\t\t\t\t\t<p><span style=\"background-color: transparent; color: #000000; font-family: Lato, sans-serif; font-size: 12pt; white-space-collapse: preserve;\">Los <strong>parches de ojos de caf\u00e9 \u00abDespierta y Brilla\u00bb<\/strong> son la <a href=\"https:\/\/imarin.mkmp1.com.es\/imarinwp\/que-es-el-cafe-de-especialidad\/\" target=\"_blank\" rel=\"noopener\"><span style=\"text-decoration: underline;\">nueva forma de revitalizar tu mirada mientras disfrutas de tu pausa favorita<\/span><\/a>. Vivimos rodeados de pantallas, reuniones interminables y un ritmo que nunca se detiene. La mirada refleja nuestro cansancio, las bolsas y ojeras se hacen visibles, y buscamos soluciones r\u00e1pidas y efectivas.<\/span><\/p>\n<p dir=\"ltr\" style=\"line-height: 1.38; margin-top: 0pt; margin-bottom: 12pt;\"><span style=\"font-size: 12pt; font-family: Lato, sans-serif; color: #000000; background-color: transparent; font-style: normal; font-variant: normal; text-decoration: none; vertical-align: baseline; white-space: pre-wrap;\">A la vez, deseamos bienestar. Nada despierta los sentidos como un caf\u00e9 de especialidad reci\u00e9n preparado: su aroma y la pausa que nos regala nos ayudan a reconectar. De esta necesidad surge la <strong>colaboraci\u00f3n entre Aglami y Break caf\u00e9<\/strong>. <\/span><span style=\"font-size: 12pt; font-family: Lato, sans-serif; color: #000000; background-color: transparent; font-style: normal; font-variant: normal; text-decoration: none; vertical-align: baseline; white-space: pre-wrap;\">Nuestra misi\u00f3n es convertir lo cotidiano en un ritual usando los mejores parches de ojos de caf\u00e9 del mercado.<\/span><\/p>\n<p><!-- \/wp:paragraph --><!-- wp:paragraph --><\/p>\n<p><!-- \/wp:paragraph --><\/p>\t\t\t\t\t\t\t\t<\/div>\n\t\t\t\t<\/div>\n\t\t\t\t<div class=\"elementor-element elementor-element-bb7fca0 elementor-widget elementor-widget-image\" data-id=\"bb7fca0\" data-element_type=\"widget\" data-widget_type=\"image.default\">\n\t\t\t\t<div class=\"elementor-widget-container\">\n\t\t\t\t\t\t\t\t\t\t\t\t\t\t\t<img decoding=\"async\" src=\"https:\/\/tbartet.mkmp1.com.es\/tbartetwp\/wp-content\/uploads\/2025\/11\/Diseno-sin-titulo-3.png\" title=\"Break Caf\u00e9 x Aglami\" alt=\"A\u00f1ade una imagen con tu palabra clave objetivo como texto alternativo.\" loading=\"lazy\" \/>\t\t\t\t\t\t\t\t\t\t\t\t\t\t\t<\/div>\n\t\t\t\t<\/div>\n\t\t\t\t<div class=\"elementor-element elementor-element-b50fc5d elementor-widget elementor-widget-heading\" data-id=\"b50fc5d\" data-element_type=\"widget\" data-widget_type=\"heading.default\">\n\t\t\t\t<div class=\"elementor-widget-container\">\n\t\t\t\t\t<h2 class=\"elementor-heading-title elementor-size-default\"><span class=\"ez-toc-section\" id=\"Despierta_y_Brilla_experiencia_revitalizante_con_parches_de_ojos_de_cafe\"><\/span>Despierta y Brilla: experiencia revitalizante con parches de ojos de caf\u00e9<span class=\"ez-toc-section-end\"><\/span><\/h2>\t\t\t\t<\/div>\n\t\t\t\t<\/div>\n\t\t\t\t<div class=\"elementor-element elementor-element-5cc7115 elementor-widget elementor-widget-text-editor\" data-id=\"5cc7115\" data-element_type=\"widget\" data-widget_type=\"text-editor.default\">\n\t\t\t\t<div class=\"elementor-widget-container\">\n\t\t\t\t\t\t\t\t\t<p class=\"wp-block-heading\">Estos parches de ojos de caf\u00e9 <strong>combinan lo mejor del grano<\/strong> por dentro y por fuera.<\/p>\n<p><!-- \/wp:heading --><!-- wp:paragraph --><\/p>\n<p><!-- \/wp:paragraph --><!-- wp:paragraph --><\/p>\n<p>Pero, <strong>\u00bfpor qu\u00e9 funcionan tan bien? La clave est\u00e1 en la absorci\u00f3n cut\u00e1nea.<\/strong><\/p>\n<p>La piel del contorno de los ojos es <span style=\"text-decoration: underline;\">5 veces m\u00e1s fina<\/span> que la del resto del rostro, lo que la hace muy receptiva a los activos, pero tambi\u00e9n m\u00e1s delicada.<\/p>\n<p><!-- \/wp:paragraph --><!-- wp:paragraph --><\/p>\n<p>La\u00a0<a href=\"https:\/\/www.harpersbazaar.com\/es\/belleza\/tendencias-belleza\/a37752238\/cosmetica-cafeina-beneficios-belleza-productos\/\" target=\"_blank\" rel=\"noreferrer noopener\">cafe\u00edna\u00a0<\/a>es un alcaloide con propiedades vasoconstrictoras. Al aplicarla t\u00f3picamente, contrae los vasos sangu\u00edneos debajo de la piel, lo que reduce el color oscuro (sangre acumulada) y ayuda a drenar el l\u00edquido retenido (bolsas). Es un <strong>\u00abefecto flash\u00bb<\/strong> natural que ayuda a:<\/p>\n<p><!-- \/wp:paragraph --><!-- wp:list --><\/p>\n<ul class=\"wp-block-list\">\n<li style=\"list-style-type: none;\">\n<ul class=\"wp-block-list\"><!-- wp:list-item --><\/ul>\n<\/li>\n<\/ul>\n<ul class=\"wp-block-list\">\n<li style=\"list-style-type: none;\">\n<ul class=\"wp-block-list\">\n<li><strong>Reducir la hinchaz\u00f3n y descongestionar.<\/strong><\/li>\n<\/ul>\n<\/li>\n<\/ul>\n<p><!-- \/wp:list-item --><!-- wp:list-item --><\/p>\n<ul class=\"wp-block-list\">\n<li style=\"list-style-type: none;\">\n<ul class=\"wp-block-list\">\n<li><strong>Activar la microcirculaci\u00f3n<\/strong> para atenuar ojeras.<\/li>\n<\/ul>\n<\/li>\n<\/ul>\n<p><!-- \/wp:list-item --><!-- wp:list-item --><\/p>\n<ul class=\"wp-block-list\">\n<li style=\"list-style-type: none;\">\n<ul class=\"wp-block-list\">\n<li><strong>Combatir los radicales libres<\/strong> (acci\u00f3n antioxidante).<\/li>\n<\/ul>\n<\/li>\n<\/ul>\n<p><!-- \/wp:list-item --><!-- wp:list-item --><\/p>\n<ul class=\"wp-block-list\">\n<li style=\"list-style-type: none;\">\n<ul class=\"wp-block-list\">\n<li><strong>Dar frescura y firmeza<\/strong> inmediata.<\/li>\n<\/ul>\n<\/li>\n<\/ul>\n<p><!-- \/wp:list-item --><\/p>\n<p><!-- \/wp:list --><!-- wp:paragraph --><\/p>\n<p><strong>El hidrogel flexible se adapta al contorno<\/strong>. Aplicar estos parches de ojos de caf\u00e9 fr\u00edos potencia su efecto, creando un mini ritual de belleza que transforma tu pausa del caf\u00e9. Su formulaci\u00f3n suave permite un <strong>uso frecuente sin irritaciones<\/strong>.<\/p>\n<p><!-- \/wp:paragraph --><!-- wp:heading {\"level\":3} --><\/p>\n<p><!-- \/wp:paragraph --><!-- wp:paragraph --><\/p>\n<p><!-- \/wp:paragraph --><\/p>\t\t\t\t\t\t\t\t<\/div>\n\t\t\t\t<\/div>\n\t\t\t\t<div class=\"elementor-element elementor-element-95553e8 elementor-widget elementor-widget-heading\" data-id=\"95553e8\" data-element_type=\"widget\" data-widget_type=\"heading.default\">\n\t\t\t\t<div class=\"elementor-widget-container\">\n\t\t\t\t\t<h3 class=\"elementor-heading-title elementor-size-default\"><span class=\"ez-toc-section\" id=\"5_Beneficios_de_los_parches_de_ojos_de_cafe_con_cafeina\"><\/span>5 Beneficios de los parches de ojos de caf\u00e9 con cafe\u00edna<span class=\"ez-toc-section-end\"><\/span><\/h3>\t\t\t\t<\/div>\n\t\t\t\t<\/div>\n\t\t\t\t<div class=\"elementor-element elementor-element-7664b26 elementor-widget elementor-widget-text-editor\" data-id=\"7664b26\" data-element_type=\"widget\" data-widget_type=\"text-editor.default\">\n\t\t\t\t<div class=\"elementor-widget-container\">\n\t\t\t\t\t\t\t\t\t<ol class=\"wp-block-list\" start=\"1\">\n<li style=\"list-style-type: none;\">\n<ol class=\"wp-block-list\" start=\"1\"><!-- wp:list-item --><\/ol>\n<\/li>\n<\/ol>\n<ol>\n<li><strong style=\"font-size: 16px; font-style: normal;\">Descongestiona: <\/strong>reduce visiblemente bolsas<\/li>\n<li><strong>Activa la circulaci\u00f3n:<\/strong> aten\u00faa las ojeras y da luz<\/li>\n<li><strong>Protege la piel:<\/strong> antioxidantes contra el estr\u00e9s<\/li>\n<li><strong>Revitaliza:<\/strong> sensaci\u00f3n inmediata de frescura<\/li>\n<li><strong>F\u00e1cil de usar:<\/strong> se integra en tu rutina diaria<\/li>\n<\/ol>\n<p><!-- \/wp:list-item --><!-- wp:list-item --><\/p>\n<p><!-- \/wp:list-item --><!-- wp:list-item --><\/p>\n<p><!-- \/wp:list-item --><!-- wp:list-item --><\/p>\n<p><!-- \/wp:list-item --><!-- wp:list-item --><\/p>\n<p><!-- \/wp:list-item --><\/p>\n<p><!-- \/wp:list --><!-- wp:paragraph --><\/p>\n<p>Es un <strong>shot de energ\u00eda para tu mirada<\/strong>, igual que tu caf\u00e9 favorito lo es para tu cuerpo y mente.<\/p>\n<p>Si quieres saber m\u00e1s sobre c\u00f3mo la cafe\u00edna beneficia a tu cuerpo, lee nuestro art\u00edculo \u00ab<a href=\"https:\/\/imarin.mkmp1.com.es\/imarinwp\/mas-que-energia-5-ventajas-del-consumo-de-cafeina-que-te-sorprenderan\/\" target=\"_blank\" rel=\"noreferrer noopener\">M\u00e1s que energ\u00eda : 5 Ventajas del Consumo de Cafe\u00edna que te Sorprenderan\u00bb.<\/a><\/p>\n<p><!-- \/wp:paragraph --><!-- wp:heading {\"level\":4} --><\/p>\n<p><!-- \/wp:paragraph --><!-- wp:paragraph --><\/p>\n<p><!-- \/wp:paragraph --><\/p>\t\t\t\t\t\t\t\t<\/div>\n\t\t\t\t<\/div>\n\t\t<div class=\"elementor-element elementor-element-1a96893 e-con-full e-flex e-con e-child\" data-id=\"1a96893\" data-element_type=\"container\">\n\t\t\t\t<div class=\"elementor-element elementor-element-bf28bc1 elementor-widget__width-initial elementor-widget elementor-widget-image\" data-id=\"bf28bc1\" data-element_type=\"widget\" data-widget_type=\"image.default\">\n\t\t\t\t<div class=\"elementor-widget-container\">\n\t\t\t\t\t\t\t\t\t\t\t\t\t\t\t<img fetchpriority=\"high\" decoding=\"async\" width=\"1189\" height=\"835\" src=\"https:\/\/tbartet.mkmp1.com.es\/tbartetwp\/wp-content\/uploads\/2025\/11\/image-2.png\" class=\"attachment-full size-full wp-image-1878\" alt=\"Parches de ojos de caf\u00e9\" srcset=\"https:\/\/tbartet.mkmp1.com.es\/tbartetwp\/wp-content\/uploads\/2025\/11\/image-2.png 1189w, https:\/\/tbartet.mkmp1.com.es\/tbartetwp\/wp-content\/uploads\/2025\/11\/image-2-600x421.png 600w, https:\/\/tbartet.mkmp1.com.es\/tbartetwp\/wp-content\/uploads\/2025\/11\/image-2-300x211.png 300w, https:\/\/tbartet.mkmp1.com.es\/tbartetwp\/wp-content\/uploads\/2025\/11\/image-2-1024x719.png 1024w, https:\/\/tbartet.mkmp1.com.es\/tbartetwp\/wp-content\/uploads\/2025\/11\/image-2-768x539.png 768w\" sizes=\"(max-width: 1189px) 100vw, 1189px\" title=\"Despierta y Brilla \u2013 Break Caf\u00e9 x Aglami: Parches de Ojos con Cafe\u00edna para Bolsas y Ojeras\">\t\t\t\t\t\t\t\t\t\t\t\t\t\t\t<\/div>\n\t\t\t\t<\/div>\n\t\t\t\t<div class=\"elementor-element elementor-element-f7382c2 elementor-widget elementor-widget-heading\" data-id=\"f7382c2\" data-element_type=\"widget\" data-widget_type=\"heading.default\">\n\t\t\t\t<div class=\"elementor-widget-container\">\n\t\t\t\t\t<h3 class=\"elementor-heading-title elementor-size-default\"><span class=\"ez-toc-section\" id=\"El_Ritual_%E2%80%9CMirada_Despierta%E2%80%9D_cafe_por_dentro_y_por_fuera\"><\/span>El Ritual\u00a0\u201cMirada Despierta\u201d: caf\u00e9 por dentro y por fuera<span class=\"ez-toc-section-end\"><\/span><\/h3>\t\t\t\t<\/div>\n\t\t\t\t<\/div>\n\t\t\t\t<div class=\"elementor-element elementor-element-cc3416c elementor-widget elementor-widget-text-editor\" data-id=\"cc3416c\" data-element_type=\"widget\" data-widget_type=\"text-editor.default\">\n\t\t\t\t<div class=\"elementor-widget-container\">\n\t\t\t\t\t\t\t\t\t<p><span style=\"color: #000000;\">Hemos dise\u00f1ado una <span style=\"text-decoration: underline;\">gu\u00eda<\/span> para que dediques <strong>15 minutos a tu salud mental y f\u00edsica<\/strong>.<\/span><\/p>\n<p>\u00a0<\/p>\n<ul>\n<li><span style=\"color: #000000;\"><span style=\"text-decoration: underline;\"><strong>Prepara tu caf\u00e9<\/strong><\/span>: El <em>ritual interior<\/em>, bebe tu caf\u00e9 de especialidad favorito. Respira hondo y deja que el aroma te envuelva.<\/span><\/li>\n<\/ul>\n<p>\u00a0<\/p>\n<ul>\n<li><span style=\"text-decoration: underline;\"><strong>Activa tu mirada:<\/strong><\/span> El <em>ritual exterior<\/em>, con la piel limpia, coloca los parches de ojos de caf\u00e9 bajo los ojos. Si est\u00e1n fr\u00edos, el efecto descongestionante es inmediato.<\/li>\n<\/ul>\n<p>Esos 15 minutos solo para ti; intenta desconectar del m\u00f3vil y rel\u00e1jate. Al retirar los parches, masajea el s\u00e9rum restante desde el lagrimal hacia la sien. Te sentir\u00e1s m\u00e1s despierta por dentro y por fuera.<\/p>\t\t\t\t\t\t\t\t<\/div>\n\t\t\t\t<\/div>\n\t\t\t\t<\/div>\n\t\t\t\t<div class=\"elementor-element elementor-element-7ac81a9 elementor-widget elementor-widget-heading\" data-id=\"7ac81a9\" data-element_type=\"widget\" data-widget_type=\"heading.default\">\n\t\t\t\t<div class=\"elementor-widget-container\">\n\t\t\t\t\t<h2 class=\"elementor-heading-title elementor-size-default\"><span class=\"ez-toc-section\" id=\"Preguntas_frecuentes_sobre_los_parches_de_cafeina\"><\/span><strong style=\"font-family: Lexend, sans-serif;font-size: 3rem;font-style: inherit\">Preguntas frecuentes sobre los parches de cafe\u00edna<\/strong><span class=\"ez-toc-section-end\"><\/span><\/h2>\t\t\t\t<\/div>\n\t\t\t\t<\/div>\n\t\t\t\t\t<\/div>\n\t\t\t\t<\/div>\n\t\t<div class=\"elementor-element elementor-element-88186db e-flex e-con-boxed e-con e-parent\" data-id=\"88186db\" data-element_type=\"container\">\n\t\t\t\t\t<div class=\"e-con-inner\">\n\t\t\t\t<div class=\"elementor-element elementor-element-49bd667 elementor-widget elementor-widget-text-editor\" data-id=\"49bd667\" data-element_type=\"widget\" data-widget_type=\"text-editor.default\">\n\t\t\t\t<div class=\"elementor-widget-container\">\n\t\t\t\t\t\t\t\t\t<p><strong>\u00bfCu\u00e1ndo es mejor usar los parches?<\/strong><\/p>\n<p><!-- \/wp:paragraph --><!-- wp:paragraph --><\/p>\n<p>El mejor momento es <strong>por la ma\u00f1ana<\/strong>, ya que es cuando la retenci\u00f3n de l\u00edquidos (bolsas) es mayor debido a la postura horizontal al dormir. Sin embargo, tambi\u00e9n son perfectos antes de un evento o cena para preparar la piel antes del maquillaje.<\/p>\n<p><!-- \/wp:paragraph --><!-- wp:paragraph --><\/p>\n<p><strong>\u00bfSirven para todo tipo de pieles?<\/strong><\/p>\n<p><!-- \/wp:paragraph --><!-- wp:paragraph --><\/p>\n<p>S\u00ed, la f\u00f3rmula de los parches de Break caf\u00e9 x Aglami est\u00e1 <strong>testada para ser respetuosa<\/strong>. No obstante, si tienes la piel extremadamente reactiva, te recomendamos probar el s\u00e9rum en una peque\u00f1a zona de la mano primero.<\/p>\n<p><!-- \/wp:paragraph --><!-- wp:paragraph --><\/p>\n<p><strong>\u00bfDebo usar crema de contorno despu\u00e9s?<\/strong><\/p>\n<p><!-- \/wp:paragraph --><!-- wp:paragraph --><\/p>\n<p>Los parches aportan una hidrataci\u00f3n intensiva, pero para \u00absellar\u00bb esa hidrataci\u00f3n, siempre recomendamos aplicar <strong>tu crema de contorno habitual al finalizar el ritual<\/strong>.<\/p>\n<p><!-- \/wp:paragraph --><!-- wp:heading {\"level\":5} --><\/p>\n<p><!-- \/wp:heading --><!-- wp:list --><\/p>\n<ul class=\"wp-block-list\">\n<li style=\"list-style-type: none;\">\n<ul class=\"wp-block-list\"><!-- wp:list-item --><\/ul>\n<\/li>\n<\/ul>\t\t\t\t\t\t\t\t<\/div>\n\t\t\t\t<\/div>\n\t\t\t\t<div class=\"elementor-element elementor-element-34c5107 elementor-widget elementor-widget-heading\" data-id=\"34c5107\" data-element_type=\"widget\" data-widget_type=\"heading.default\">\n\t\t\t\t<div class=\"elementor-widget-container\">\n\t\t\t\t\t<h3 class=\"elementor-heading-title elementor-size-default\"><span class=\"ez-toc-section\" id=\"Tips_extra_para_potenciar_los_resultados\"><\/span>Tips extra para potenciar los resultados<span class=\"ez-toc-section-end\"><\/span><\/h3>\t\t\t\t<\/div>\n\t\t\t\t<\/div>\n\t\t\t\t<div class=\"elementor-element elementor-element-6dc8747 elementor-widget elementor-widget-text-editor\" data-id=\"6dc8747\" data-element_type=\"widget\" data-widget_type=\"text-editor.default\">\n\t\t\t\t<div class=\"elementor-widget-container\">\n\t\t\t\t\t\t\t\t\t<ul class=\"wp-block-list\">\n<li style=\"list-style-type: none;\">\n<ul class=\"wp-block-list\">\n<li><strong>Aplicaci\u00f3n fr\u00eda:<\/strong> Gu\u00e1rdalos en la nevera.<\/li>\n<\/ul>\n<\/li>\n<\/ul>\n<p><!-- \/wp:list-item --><!-- wp:list-item --><\/p>\n<ul class=\"wp-block-list\">\n<li style=\"list-style-type: none;\">\n<ul class=\"wp-block-list\">\n<li><strong>Masaje suave:<\/strong> De la zona interna a la externa.<\/li>\n<\/ul>\n<\/li>\n<\/ul>\n<p><!-- \/wp:list-item --><!-- wp:list-item --><\/p>\n<ul class=\"wp-block-list\">\n<li style=\"list-style-type: none;\">\n<ul class=\"wp-block-list\">\n<li><strong>Constancia:<\/strong> \u00dasalos 3\u20134 veces por semana.<\/li>\n<\/ul>\n<\/li>\n<\/ul>\n<p><!-- \/wp:list-item --><!-- wp:list-item --><\/p>\n<ul class=\"wp-block-list\">\n<li style=\"list-style-type: none;\">\n<ul class=\"wp-block-list\">\n<li><strong>Complementa:<\/strong> Hidrata con tu crema favorita.<\/li>\n<\/ul>\n<\/li>\n<\/ul>\n<p><!-- \/wp:list-item --><\/p>\n<p><!-- \/wp:list --><!-- wp:heading {\"level\":6} --><\/p>\n<h4><span class=\"ez-toc-section\" id=\"i\"><\/span>\u00a0<span class=\"ez-toc-section-end\"><\/span><\/h4>\n<h4 class=\"wp-block-heading\"><span class=\"ez-toc-section\" id=\"Lanzamiento_con_regalo_para_nuestra_comunidad\"><\/span><strong>Lanzamiento con regalo para nuestra comunidad<\/strong><span class=\"ez-toc-section-end\"><\/span><\/h4>\n<p><!-- \/wp:heading --><!-- wp:paragraph --><\/p>\n<p>Para celebrar esta colaboraci\u00f3n, disfruta de un <span style=\"text-decoration: underline;\"><strong>15% de descuento en toda la web de Aglami<\/strong><\/span>, incluyendo los nuevos parches de ojos de caf\u00e9 de la colecci\u00f3n <em> \u00abDespierta y Brilla\u00bb.<\/em><\/p>\n<p><!-- \/wp:paragraph --><!-- wp:list --><\/p>\n<ul class=\"wp-block-list\">\n<li style=\"list-style-type: none;\">\n<ul class=\"wp-block-list\"><!-- wp:list-item --><\/ul>\n<\/li>\n<\/ul>\n<p style=\"padding-left: 40px;\"><strong>C\u00f3digo de descuento:<\/strong> <span style=\"text-decoration: underline; color: #800000;\">MACCHILOVERS7<\/span><\/p>\n<p style=\"padding-left: 80px;\">Consigue tus parches aqu\u00ed: <span style=\"text-decoration: underline;\"><a title=\"Parches de caf\u00e9 Aglami - Despierta y brilla\" href=\"https:\/\/tbartet.mkmp1.com.es\/tbartetwp\/despierta-y-brilla\/#\" target=\"_blank\" rel=\"noopener\">Parches de caf\u00e9 Aglami &#8211; Despierta y brilla<\/a><\/span><\/p>\n<p><!-- \/wp:list-item --><\/p>\n<p><!-- \/wp:list --><!-- wp:heading {\"level\":6} --><\/p>\n<h4><span class=\"ez-toc-section\" id=\"i-2\"><\/span>\u00a0<span class=\"ez-toc-section-end\"><\/span><\/h4>\n<h4 class=\"wp-block-heading\"><span class=\"ez-toc-section\" id=\"%C2%BFPor_que_elegir_esta_colaboracion_entre_Aglami_y_Break_Cafe\"><\/span><strong>\u00bfPor qu\u00e9 elegir esta colaboraci\u00f3n entre Aglami y Break Caf\u00e9?<\/strong><span class=\"ez-toc-section-end\"><\/span><\/h4>\n<p><!-- \/wp:heading --><!-- wp:paragraph --><\/p>\n<p>En un mercado saturado de cosm\u00e9tica r\u00e1pida, hemos querido apostar por la <strong>calidad<\/strong> y la <strong>transparencia<\/strong>.<\/p>\n<p>A diferencia de otros productos que utilizan cafe\u00edna sint\u00e9tica, nuestros parches de ojos de caf\u00e9 aprovechan el poder de los extractos naturales de la mejor calidad.<\/p>\n<p><!-- \/wp:paragraph --><!-- wp:paragraph --><\/p>\n<p><strong>Unimos la experiencia dermocosm\u00e9tica de Aglami<\/strong>, expertos en crear f\u00f3rmulas que penetran eficazmente en la piel, <strong>con la pasi\u00f3n por el grano de Break Caf\u00e9<\/strong>. El resultado es un producto que no solo huele de maravilla, sino que respeta la delicada barrera cut\u00e1nea de tu contorno de ojos, libre de ingredientes agresivos.<\/p>\n<p><!-- \/wp:paragraph --><!-- wp:paragraph --><\/p>\n<p><strong>Gracias por acompa\u00f1arnos en este lanzamiento<\/strong> que une bienestar, belleza y caf\u00e9 de especialidad.<\/p>\n<p>Si pruebas los parches, \u00a1cu\u00e9ntanos tu experiencia!<\/p>\t\t\t\t\t\t\t\t<\/div>\n\t\t\t\t<\/div>\n\t\t\t\t<div class=\"elementor-element elementor-element-3886ced elementor-widget elementor-widget-text-editor\" data-id=\"3886ced\" data-element_type=\"widget\" data-widget_type=\"text-editor.default\">\n\t\t\t\t<div class=\"elementor-widget-container\">\n\t\t\t\t\t\t\t\t\t<p><b>\u00a1SI QUIERES DESCUBRIR M\u00c1S SOBRE BREAK CAF\u00c9 P\u00c1SATE A VISITAR SU P\u00c1GINA WEB!<\/b><\/p>\n<p><span style=\"color: #800000;\"><a style=\"color: #800000;\" href=\"https:\/\/imarin.mkmp1.com.es\/imarinwp\/\" target=\"_blank\" rel=\"noopener\"><b>www.breakcaf\u00e9.com<\/b><\/a><\/span><\/p>\t\t\t\t\t\t\t\t<\/div>\n\t\t\t\t<\/div>\n\t\t\t\t\t<\/div>\n\t\t\t\t<\/div>\n\t\t<div class=\"elementor-element elementor-element-84a99cc e-flex e-con-boxed e-con e-parent\" data-id=\"84a99cc\" data-element_type=\"container\">\n\t\t\t\t\t<div class=\"e-con-inner\">\n\t\t\t\t<div class=\"elementor-element elementor-element-fbed039 elementor-widget__width-initial elementor-widget elementor-widget-image\" data-id=\"fbed039\" data-element_type=\"widget\" data-widget_type=\"image.default\">\n\t\t\t\t<div class=\"elementor-widget-container\">\n\t\t\t\t\t\t\t\t\t\t\t\t\t\t\t<img decoding=\"async\" width=\"411\" height=\"317\" src=\"https:\/\/tbartet.mkmp1.com.es\/tbartetwp\/wp-content\/uploads\/2025\/11\/image-removebg-preview.png\" class=\"attachment-large size-large wp-image-1827\" alt=\"image removebg preview\" srcset=\"https:\/\/tbartet.mkmp1.com.es\/tbartetwp\/wp-content\/uploads\/2025\/11\/image-removebg-preview.png 411w, https:\/\/tbartet.mkmp1.com.es\/tbartetwp\/wp-content\/uploads\/2025\/11\/image-removebg-preview-300x231.png 300w\" sizes=\"(max-width: 411px) 100vw, 411px\" title=\"Despierta y Brilla \u2013 Break Caf\u00e9 x Aglami: Parches de Ojos con Cafe\u00edna para Bolsas y Ojeras\">\t\t\t\t\t\t\t\t\t\t\t\t\t\t\t<\/div>\n\t\t\t\t<\/div>\n\t\t\t\t\t<\/div>\n\t\t\t\t<\/div>\n\t\t\t\t<\/div>\n\t\t","protected":false},"excerpt":{"rendered":"<p>El poder de la mirada: descubre los parches de ojos de caf\u00e9 Los parches de ojos de caf\u00e9 \u00abDespierta y [&hellip;]<\/p>\n","protected":false},"author":1,"featured_media":1867,"comment_status":"open","ping_status":"open","sticky":false,"template":"","format":"standard","meta":{"_eb_attr":"","om_disable_all_campaigns":false,"site-sidebar-layout":"default","site-content-layout":"","ast-site-content-layout":"default","site-content-style":"default","site-sidebar-style":"default","ast-global-header-display":"","ast-banner-title-visibility":"","ast-main-header-display":"","ast-hfb-above-header-display":"","ast-hfb-below-header-display":"","ast-hfb-mobile-header-display":"","site-post-title":"","ast-breadcrumbs-content":"","ast-featured-img":"","footer-sml-layout":"","theme-transparent-header-meta":"","adv-header-id-meta":"","stick-header-meta":"","header-above-stick-meta":"","header-main-stick-meta":"","header-below-stick-meta":"","astra-migrate-meta-layouts":"set","ast-page-background-enabled":"default","ast-page-background-meta":{"desktop":{"background-color":"var(--ast-global-color-4)","background-image":"","background-repeat":"repeat","background-position":"center center","background-size":"auto","background-attachment":"scroll","background-type":"","background-media":"","overlay-type":"","overlay-color":"","overlay-opacity":"","overlay-gradient":""},"tablet":{"background-color":"","background-image":"","background-repeat":"repeat","background-position":"center center","background-size":"auto","background-attachment":"scroll","background-type":"","background-media":"","overlay-type":"","overlay-color":"","overlay-opacity":"","overlay-gradient":""},"mobile":{"background-color":"","background-image":"","background-repeat":"repeat","background-position":"center center","background-size":"auto","background-attachment":"scroll","background-type":"","background-media":"","overlay-type":"","overlay-color":"","overlay-opacity":"","overlay-gradient":""}},"ast-content-background-meta":{"desktop":{"background-color":"var(--ast-global-color-5)","background-image":"","background-repeat":"repeat","background-position":"center center","background-size":"auto","background-attachment":"scroll","background-type":"","background-media":"","overlay-type":"","overlay-color":"","overlay-opacity":"","overlay-gradient":""},"tablet":{"background-color":"var(--ast-global-color-5)","background-image":"","background-repeat":"repeat","background-position":"center center","background-size":"auto","background-attachment":"scroll","background-type":"","background-media":"","overlay-type":"","overlay-color":"","overlay-opacity":"","overlay-gradient":""},"mobile":{"background-color":"var(--ast-global-color-5)","background-image":"","background-repeat":"repeat","background-position":"center center","background-size":"auto","background-attachment":"scroll","background-type":"","background-media":"","overlay-type":"","overlay-color":"","overlay-opacity":"","overlay-gradient":""}},"_jetpack_memberships_contains_paid_content":false,"footnotes":""},"categories":[21,59,20],"tags":[22,23,24,25,26,27,28,29,30,31,32,33,34],"class_list":["post-1618","post","type-post","status-publish","format-standard","has-post-thumbnail","hentry","category-aglami","category-break-cafe","category-colaboracion","tag-aglami","tag-bienestar","tag-cafe","tag-cafe-de-especialidad","tag-colaboracion","tag-cuidado-de-piel","tag-cuidado-mental","tag-descuento","tag-despierta-y-brilla","tag-parches-de-ojos-de-cafe","tag-piel","tag-ritual","tag-tu-pausa-perfecta"],"jetpack_featured_media_url":"https:\/\/tbartet.mkmp1.com.es\/tbartetwp\/wp-content\/uploads\/2025\/11\/Cabecera-collab.png","jetpack_sharing_enabled":true,"_links":{"self":[{"href":"https:\/\/tbartet.mkmp1.com.es\/tbartetwp\/wp-json\/wp\/v2\/posts\/1618","targetHints":{"allow":["GET"]}}],"collection":[{"href":"https:\/\/tbartet.mkmp1.com.es\/tbartetwp\/wp-json\/wp\/v2\/posts"}],"about":[{"href":"https:\/\/tbartet.mkmp1.com.es\/tbartetwp\/wp-json\/wp\/v2\/types\/post"}],"author":[{"embeddable":true,"href":"https:\/\/tbartet.mkmp1.com.es\/tbartetwp\/wp-json\/wp\/v2\/users\/1"}],"replies":[{"embeddable":true,"href":"https:\/\/tbartet.mkmp1.com.es\/tbartetwp\/wp-json\/wp\/v2\/comments?post=1618"}],"version-history":[{"count":108,"href":"https:\/\/tbartet.mkmp1.com.es\/tbartetwp\/wp-json\/wp\/v2\/posts\/1618\/revisions"}],"predecessor-version":[{"id":3078,"href":"https:\/\/tbartet.mkmp1.com.es\/tbartetwp\/wp-json\/wp\/v2\/posts\/1618\/revisions\/3078"}],"wp:featuredmedia":[{"embeddable":true,"href":"https:\/\/tbartet.mkmp1.com.es\/tbartetwp\/wp-json\/wp\/v2\/media\/1867"}],"wp:attachment":[{"href":"https:\/\/tbartet.mkmp1.com.es\/tbartetwp\/wp-json\/wp\/v2\/media?parent=1618"}],"wp:term":[{"taxonomy":"category","embeddable":true,"href":"https:\/\/tbartet.mkmp1.com.es\/tbartetwp\/wp-json\/wp\/v2\/categories?post=1618"},{"taxonomy":"post_tag","embeddable":true,"href":"https:\/\/tbartet.mkmp1.com.es\/tbartetwp\/wp-json\/wp\/v2\/tags?post=1618"}],"curies":[{"name":"wp","href":"https:\/\/api.w.org\/{rel}","templated":true}]}}